{"id":38113,"date":"2026-08-25T08:00:00","date_gmt":"2026-08-25T06:00:00","guid":{"rendered":"https:\/\/tierschutz.com\/wenn-selbst-der-wald-keinen-schutz-mehr-bietet\/"},"modified":"2026-08-30T12:54:45","modified_gmt":"2026-08-30T10:54:45","slug":"quand-meme-la-foret-noffre-plus-de-protection","status":"publish","type":"post","link":"https:\/\/sts-psa.ch\/fr\/quand-meme-la-foret-noffre-plus-de-protection\/","title":{"rendered":"Quand m\u00eame la for\u00eat n\u2019offre plus de protection"},"content":{"rendered":"\n<p class=\"wp-block-paragraph\"><\/p>\n\n\n\n<div class=\"wp-block-group alignfull has-background-background-color has-background is-layout-constrained wp-block-group-is-layout-constrained\"><h1 style=\"font-style:normal;font-weight:700\" class=\"wp-block-post-title has-text-align-center\">Quand m\u00eame la for\u00eat n\u2019offre plus de protection<\/h1>\n\n\n<p class=\"has-text-align-center has-large-font-size wp-block-paragraph\">La chaleur et la s\u00e9cheresse ne mettent pas seulement les animaux sauvages sous pression certains jours d\u2019\u00e9t\u00e9. Lorsque les points d\u2019eau s\u2019ass\u00e8chent, que les for\u00eats souffrent et que la nourriture se rar\u00e9fie, des milieux de vie entiers se transforment. Pour de nombreuses esp\u00e8ces, il est donc essentiel de savoir si elles pourront encore trouver des refuges suffisamment frais, humides et peu perturb\u00e9s.<\/p>\n\n\n\n<hr class=\"wp-block-separator has-text-color has-primary-color has-alpha-channel-opacity has-primary-background-color has-background\"\/>\n\n\n\n<p class=\"wp-block-paragraph\">Lors des chaudes journ\u00e9es d\u2019\u00e9t\u00e9, la r\u00e9partition des r\u00f4les semble claire&nbsp;: tandis que les humains cherchent de l\u2019ombre, de nombreux animaux sauvages se r\u00e9fugient dans la for\u00eat. Sous les arbres, il fait plus frais, le sol est plus humide et l\u2019air plus agr\u00e9able que dans les champs ouverts ou dans les zones urbanis\u00e9es imperm\u00e9abilis\u00e9es. La for\u00eat est un abri vital pour les chevreuils, les renards, les oiseaux et de nombreuses autres esp\u00e8ces. Mais que se passe-t-il si cet abri est de plus en plus sous pression&nbsp;?<\/p>\n\n\n\n<p class=\"wp-block-paragraph\">L\u2019\u00e9t\u00e9 2026 a rendu cette question plus visible qu\u2019auparavant dans de nombreuses r\u00e9gions de Suisse. Les sols se sont ass\u00e9ch\u00e9s, le niveau de l\u2019eau est bas et les arbres perdent leurs feuilles d\u00e8s le milieu de l\u2019\u00e9t\u00e9. Des sp\u00e9cialistes observent des dommages \u00e0 grande \u00e9chelle dans certaines zones foresti\u00e8res et mettent en garde contre des changements \u00e0 long terme. Ce qui semble \u00e0 premi\u00e8re vue \u00eatre un probl\u00e8me propre \u00e0 la for\u00eat touche aussi les animaux qui y vivent. Car les animaux sauvages ne souffrent pas seulement de la chaleur elle-m\u00eame. Il est de plus en plus d\u00e9cisif de savoir s\u2019ils trouvent encore suffisamment d\u2019alternatives appropri\u00e9es.<\/p>\n\n\n\n<h3 id=\"h-une-foret-se-transforme-silencieusement-et-c-est-precisement-ce-qui-rend-le-danger-si-insidieux\" class=\"wp-block-heading\"><strong>Une for\u00eat se transforme silencieusement \u2013 et c\u2019est pr\u00e9cis\u00e9ment ce qui rend le danger si insidieux<\/strong><\/h3>\n\n\n\n<p class=\"wp-block-paragraph\">Un ruisseau ass\u00e9ch\u00e9 attire imm\u00e9diatement l\u2019attention. Une for\u00eat endommag\u00e9e, en revanche, change insidieusement. De nombreux arbres r\u00e9agissent \u00e0 la chaleur et au manque d\u2019eau avec une sorte de programme d\u2019urgence&nbsp;: ils perdent leurs feuilles pr\u00e9cocement, r\u00e9duisent leur croissance et \u00e9conomisent de l\u2019eau. Cela a des cons\u00e9quences pour les animaux de la for\u00eat. L\u00e0 o\u00f9 les couronnes s\u2019amincissent, la lumi\u00e8re du soleil p\u00e9n\u00e8tre davantage jusqu\u2019au sol. L\u2019ombre disparait, les sols s\u2019ass\u00e8chent plus vite et les temp\u00e9ratures augmentent.<\/p>\n\n\n\n<p class=\"wp-block-paragraph\">Mais la for\u00eat est bien plus qu\u2019un ensemble d\u2019arbres. Pour de nombreuses esp\u00e8ces, elle sert \u00e0 la fois d\u2019abri, de garde-manger et de nurserie. Les insectes y trouvent de la nourriture, les amphibiens des refuges humides, les oiseaux des lieux de nidification et les mammif\u00e8res des zones plus fra\u00eeches pendant les heures les plus chaudes de la journ\u00e9e. Lorsque la for\u00eat devient plus s\u00e8che et clairsem\u00e9e, cette structure finement harmonis\u00e9e se modifie.<\/p>\n\n\n\n<p class=\"wp-block-paragraph\">C\u2019est particuli\u00e8rement le cas actuellement dans certaines r\u00e9gions du nord-ouest de la Suisse. Les chercheurs y observent des dommages sur les h\u00eatraies qui risquent de ne pas s\u2019en remettre compl\u00e8tement. Pour les animaux sauvages, cela ne signifie pas simplement moins d\u2019arbres. Cela signifie une modification de leurs conditions de vie.<\/p>\n\n\n\n<h3 id=\"h-l-eau-devient-un-facteur-limitatif\" class=\"wp-block-heading\"><strong>L\u2019eau devient un facteur limitatif<\/strong><\/h3>\n\n\n\n<p class=\"wp-block-paragraph\">L\u2019\u00e9volution se manifeste de fa\u00e7on encore plus imm\u00e9diate au niveau de l\u2019eau. De nombreux animaux couvrent leurs besoins hydriques non seulement par l\u2019eau potable, mais aussi par les plantes, la nourriture ou la ros\u00e9e. Pourtant, l\u2019eau devient une ressource de plus en plus importante en p\u00e9riode de canicule. Lorsque de petits ruisseaux, des flaques d\u2019eau ou des mares s\u2019ass\u00e8chent, nourriture et abris disparaissent souvent en m\u00eame temps.<\/p>\n\n\n\n<p class=\"wp-block-paragraph\">Les esp\u00e8ces d\u00e9pendantes des milieux de vie humides sont particuli\u00e8rement touch\u00e9es. Les amphibiens en font partie. Dans un environnement de plus en plus sec, celles-ci se heurtent \u00e0 un probl\u00e8me apparu bien avant les canicules estivales actuelles&nbsp;: de nombreuses zones humides ont disparu ou se sont retrouv\u00e9es isol\u00e9es les unes des autres. Pour ces esp\u00e8ces-l\u00e0, ce n\u2019est pas seulement la temp\u00e9rature qui est d\u00e9terminante pour leur survie, mais aussi la question de savoir s\u2019il y a encore suffisamment de points d\u2019eau accessibles.<\/p>\n\n\n\n<p class=\"wp-block-paragraph\">Les cons\u00e9quences se font \u00e9galement sentir chez les poissons. La baisse du niveau de l\u2019eau et la hausse des temp\u00e9ratures r\u00e9duisent la teneur en oxyg\u00e8ne de l\u2019eau. Ce qui est \u00e0 peine perceptible par l\u2019\u00eatre humain peut menacer l\u2019existence m\u00eame de truites, d\u2019ombres ou de nombreux micro-organismes.<\/p>\n\n\n\n<h3 id=\"h-toutes-les-especes-ne-reagissent-pas-de-la-meme-maniere\" class=\"wp-block-heading\"><strong>Toutes les esp\u00e8ces ne r\u00e9agissent pas de la m\u00eame mani\u00e8re<\/strong><\/h3>\n\n\n\n<p class=\"wp-block-paragraph\">Tous les animaux ne sont pas touch\u00e9s de la m\u00eame mani\u00e8re par cette \u00e9volution. Certaines esp\u00e8ces de reptiles profitent parfois de conditions plus chaudes et se propagent dans de nouvelles r\u00e9gions, comme le l\u00e9zard des murailles. Mais pour eux aussi, la hausse des temp\u00e9ratures n\u2019est pas ind\u00e9niablement b\u00e9n\u00e9fique. D\u2019autres esp\u00e8ces, en revanche, perdent clairement leur milieu de vie \u00e0 cause de la chaleur. La vip\u00e8re p\u00e9liade ou le l\u00e9zard vivipare, par exemple, font partie des esp\u00e8ces qui pourraient \u00eatre soumises \u00e0 des pressions plus fortes \u00e0 long terme.<\/p>\n\n\n\n<p class=\"wp-block-paragraph\">De nombreux mammif\u00e8res adaptent \u00e9galement leur comportement. Les sangliers passent plus de temps dans les trous de boue, les ongul\u00e9s d\u00e9calent leurs activit\u00e9s aux heures plus fra\u00eeches de la journ\u00e9e et diff\u00e9rentes esp\u00e8ces recherchent activement des zones ombrag\u00e9es. Mais l\u2019adaptation a ses limites.<\/p>\n\n\n\n<h3 id=\"h-quand-on-ne-peut-plus-aller-plus-haut\" class=\"wp-block-heading\"><strong>Quand on ne peut plus aller plus haut<\/strong><\/h3>\n\n\n\n<p class=\"wp-block-paragraph\">C\u2019est particuli\u00e8rement \u00e9vident dans les Alpes. Depuis des ann\u00e9es, les chercheur\u00b7euse\u00b7s constatent que de nombreuses esp\u00e8ces se r\u00e9fugient vers des altitudes plus \u00e9lev\u00e9es. Les temp\u00e9ratures y sont plus basses et les conditions souvent plus favorables. Pour de nombreux animaux, cette strat\u00e9gie fonctionne \u00e9tonnamment bien jusqu\u2019\u00e0 pr\u00e9sent. La situation devient probl\u00e9matique pour les esp\u00e8ces qui vivent aujourd\u2019hui d\u00e9j\u00e0 dans les r\u00e9gions de haute montagne.<\/p>\n\n\n\n<p class=\"wp-block-paragraph\">Les bouquetins, par exemple, recherchent de plus en plus les zones plus hautes et plus ombrag\u00e9es. Cela semble logique au premier abord. Mais plus une esp\u00e8ce s\u2019\u00e9loigne vers le haut, plus le milieu de vie disponible diminue. T\u00f4t ou tard, la montagne s\u2019arr\u00eate. Dans le m\u00eame temps, les animaux doivent parfois parcourir de plus longs trajets pour trouver de la nourriture ou de l\u2019eau. Cela demande de l\u2019\u00e9nergie \u2013 pr\u00e9cis\u00e9ment l\u2019\u00e9nergie dont ils auraient besoin pour l\u2019\u00e9levage de jeunes individus ou pour l\u2019hiver \u00e0 venir.<\/p>\n\n\n\n<h3 id=\"h-ce-que-les-gens-peuvent-faire-et-ce-qu-ils-ne-peuvent-pas-faire\" class=\"wp-block-heading\"><strong>Ce que les gens peuvent faire \u2013 et ce qu\u2019ils ne peuvent pas faire<\/strong><\/h3>\n\n\n\n<p class=\"wp-block-paragraph\">La tentation est grande de vouloir aider n\u2019importe o\u00f9. Et effectivement, de petites mesures peuvent s\u2019av\u00e9rer judicieuses. Dans les zones urbaines, les r\u00e9cipients d\u2019eau peu profonds aident de nombreux animaux \u00e0 traverser les journ\u00e9es particuli\u00e8rement chaudes. \u00c0 condition toutefois qu\u2019ils soient maintenus propres et remplis r\u00e9guli\u00e8rement d\u2019eau fra\u00eeche.<\/p>\n\n\n\n<p class=\"wp-block-paragraph\">En revanche, il est moins judicieux d\u2019installer au hasard des conteneurs ou des bacs remplis d\u2019eau dans la for\u00eat. De telles solutions peuvent cr\u00e9er de nouveaux probl\u00e8mes et ne remplacent pas des milieux de vie intacts. \u00c0 long terme, les animaux sauvages en profitent surtout l\u00e0 o\u00f9 les structures naturelles sont pr\u00e9serv\u00e9es ou restaur\u00e9es&nbsp;: zones humides, \u00e9tangs, ruisseaux naturels, for\u00eats riches en structures et refuges peu perturb\u00e9s.<\/p>\n\n\n\n<h3 id=\"h-le-veritable-defi-reside-dans-les-milieux-de-vie\" class=\"wp-block-heading\"><strong>Le v\u00e9ritable d\u00e9fi r\u00e9side dans les milieux de vie<\/strong><\/h3>\n\n\n\n<p class=\"wp-block-paragraph\">Les cons\u00e9quences d\u2019un \u00e9t\u00e9 caniculaire sont faciles \u00e0 identifier&nbsp;: prairies s\u00e8ches, feuilles brunes, niveaux d\u2019eau bas. Ce qui se joue en coulisses est moins visible. Pour les animaux sauvages, l\u2019avenir ne se d\u00e9cide pas en quelques jours de canicule. Ce qui sera d\u00e9terminant sera de savoir s\u2019ils pourront continuer \u00e0 trouver suffisamment d\u2019endroits pour se mettre \u00e0 l\u2019abri de ces extr\u00eames. Un ruisseau frais. Une for\u00eat ombrag\u00e9e. Une mare humide. Un coin de montagne peu perturb\u00e9. De tels refuges ont toujours \u00e9t\u00e9 importants pour de nombreuses esp\u00e8ces. Avec la chaleur et la s\u00e9cheresse croissantes, ils deviennent l\u2019assurance-vie de nombreux animaux sauvages.<\/p>\n<\/div>\n","protected":false},"excerpt":{"rendered":"<p>La chaleur et la s\u00e9cheresse ne mettent pas seulement les animaux sauvages sous pression certains jours d\u2019\u00e9t\u00e9. Lorsque les points d\u2019eau s\u2019ass\u00e8chent, que les for\u00eats souffrent et que la nourriture se rar\u00e9fie, des milieux de vie entiers se transforment. Pour de nombreuses esp\u00e8ces, il est donc essentiel de savoir si elles pourront encore trouver des refuges suffisamment frais, humides et peu perturb\u00e9s.<\/p>\n","protected":false},"author":5,"featured_media":38111,"comment_status":"closed","ping_status":"closed","sticky":false,"template":"","format":"standard","meta":{"_acf_changed":false,"inline_featured_image":false,"_vp_format_video_url":"","_vp_image_focal_point":[],"footnotes":""},"categories":[60,365],"tags":[],"class_list":["post-38113","post","type-post","status-publish","format-standard","has-post-thumbnail","hentry","category-animaux-sauvages","category-news-psa"],"acf":[],"yoast_head":"<!-- This site is optimized with the Yoast SEO Premium plugin v28.3 (Yoast SEO v28.3) - https:\/\/yoast.com\/product\/yoast-seo-premium-wordpress\/ -->\n<title>Quand m\u00eame la for\u00eat n\u2019offre plus de protection - Protection Suisse des Animaux PSA<\/title>\n<meta name=\"description\" content=\"La chaleur et la s\u00e9cheresse ne mettent pas seulement les animaux sauvages sous pression certains jours d\u2019\u00e9t\u00e9.\" \/>\n<meta name=\"robots\" content=\"index, follow, max-snippet:-1, max-image-preview:large, max-video-preview:-1\" \/>\n<link rel=\"canonical\" href=\"https:\/\/sts-psa.ch\/fr\/quand-meme-la-foret-noffre-plus-de-protection\/\" \/>\n<meta property=\"og:locale\" content=\"fr_FR\" \/>\n<meta property=\"og:type\" content=\"article\" \/>\n<meta property=\"og:title\" content=\"Quand m\u00eame la for\u00eat n\u2019offre plus de protection\" \/>\n<meta property=\"og:description\" content=\"La chaleur et la s\u00e9cheresse ne mettent pas seulement les animaux sauvages sous pression certains jours d\u2019\u00e9t\u00e9. Lorsque les points d\u2019eau s\u2019ass\u00e8chent, que les for\u00eats souffrent et que la nourriture se rar\u00e9fie, des milieux de vie entiers se transforment.\" \/>\n<meta property=\"og:url\" content=\"https:\/\/sts-psa.ch\/fr\/quand-meme-la-foret-noffre-plus-de-protection\/\" \/>\n<meta property=\"og:site_name\" content=\"Protection Suisse des Animaux PSA\" \/>\n<meta property=\"article:publisher\" content=\"https:\/\/www.facebook.com\/schweizertierschutz\/\" \/>\n<meta property=\"article:published_time\" content=\"2026-08-25T06:00:00+00:00\" \/>\n<meta property=\"article:modified_time\" content=\"2026-08-30T10:54:45+00:00\" \/>\n<meta property=\"og:image\" content=\"https:\/\/mail.schweizer-tierschutz.ch\/app\/uploads\/2026\/08\/shutterstock_2775434419-scaled.jpg\" \/>\n\t<meta property=\"og:image:width\" content=\"2560\" \/>\n\t<meta property=\"og:image:height\" content=\"1368\" \/>\n\t<meta property=\"og:image:type\" content=\"image\/jpeg\" \/>\n<meta name=\"author\" content=\"Guido Frefel\" \/>\n<meta name=\"twitter:card\" content=\"summary_large_image\" \/>\n<meta name=\"twitter:label1\" content=\"\u00c9crit par\" \/>\n\t<meta name=\"twitter:data1\" content=\"Guido Frefel\" \/>\n\t<meta name=\"twitter:label2\" content=\"Dur\u00e9e de lecture estim\u00e9e\" \/>\n\t<meta name=\"twitter:data2\" content=\"7 minutes\" \/>\n<script type=\"application\/ld+json\" class=\"yoast-schema-graph\">{\"@context\":\"https:\\\/\\\/schema.org\",\"@graph\":[{\"@type\":\"NewsArticle\",\"@id\":\"https:\\\/\\\/sts-psa.ch\\\/fr\\\/quand-meme-la-foret-noffre-plus-de-protection\\\/#article\",\"isPartOf\":{\"@id\":\"https:\\\/\\\/sts-psa.ch\\\/fr\\\/quand-meme-la-foret-noffre-plus-de-protection\\\/\"},\"author\":{\"name\":\"Guido Frefel\",\"@id\":\"https:\\\/\\\/mail.protezione-animali-psa.ch\\\/#\\\/schema\\\/person\\\/2f0866fbb7709f9845f927e991dc6eac\"},\"headline\":\"Quand m\u00eame la for\u00eat n\u2019offre plus de protection\",\"datePublished\":\"2026-08-25T06:00:00+00:00\",\"dateModified\":\"2026-08-30T10:54:45+00:00\",\"mainEntityOfPage\":{\"@id\":\"https:\\\/\\\/sts-psa.ch\\\/fr\\\/quand-meme-la-foret-noffre-plus-de-protection\\\/\"},\"wordCount\":1425,\"publisher\":{\"@id\":\"https:\\\/\\\/mail.protezione-animali-psa.ch\\\/#organization\"},\"image\":{\"@id\":\"https:\\\/\\\/sts-psa.ch\\\/fr\\\/quand-meme-la-foret-noffre-plus-de-protection\\\/#primaryimage\"},\"thumbnailUrl\":\"https:\\\/\\\/sts-psa.ch\\\/app\\\/uploads\\\/2026\\\/08\\\/shutterstock_2775434419-scaled.jpg\",\"articleSection\":[\"Animaux sauvages\",\"News PSA\"],\"inLanguage\":\"fr-FR\"},{\"@type\":\"WebPage\",\"@id\":\"https:\\\/\\\/sts-psa.ch\\\/fr\\\/quand-meme-la-foret-noffre-plus-de-protection\\\/\",\"url\":\"https:\\\/\\\/sts-psa.ch\\\/fr\\\/quand-meme-la-foret-noffre-plus-de-protection\\\/\",\"name\":\"Quand m\u00eame la for\u00eat n\u2019offre plus de protection - Protection Suisse des Animaux PSA\",\"isPartOf\":{\"@id\":\"https:\\\/\\\/mail.protezione-animali-psa.ch\\\/#website\"},\"primaryImageOfPage\":{\"@id\":\"https:\\\/\\\/sts-psa.ch\\\/fr\\\/quand-meme-la-foret-noffre-plus-de-protection\\\/#primaryimage\"},\"image\":{\"@id\":\"https:\\\/\\\/sts-psa.ch\\\/fr\\\/quand-meme-la-foret-noffre-plus-de-protection\\\/#primaryimage\"},\"thumbnailUrl\":\"https:\\\/\\\/sts-psa.ch\\\/app\\\/uploads\\\/2026\\\/08\\\/shutterstock_2775434419-scaled.jpg\",\"datePublished\":\"2026-08-25T06:00:00+00:00\",\"dateModified\":\"2026-08-30T10:54:45+00:00\",\"description\":\"La chaleur et la s\u00e9cheresse ne mettent pas seulement les animaux sauvages sous pression certains jours d\u2019\u00e9t\u00e9.\",\"breadcrumb\":{\"@id\":\"https:\\\/\\\/sts-psa.ch\\\/fr\\\/quand-meme-la-foret-noffre-plus-de-protection\\\/#breadcrumb\"},\"inLanguage\":\"fr-FR\",\"potentialAction\":[{\"@type\":\"ReadAction\",\"target\":[\"https:\\\/\\\/sts-psa.ch\\\/fr\\\/quand-meme-la-foret-noffre-plus-de-protection\\\/\"]}]},{\"@type\":\"ImageObject\",\"inLanguage\":\"fr-FR\",\"@id\":\"https:\\\/\\\/sts-psa.ch\\\/fr\\\/quand-meme-la-foret-noffre-plus-de-protection\\\/#primaryimage\",\"url\":\"https:\\\/\\\/sts-psa.ch\\\/app\\\/uploads\\\/2026\\\/08\\\/shutterstock_2775434419-scaled.jpg\",\"contentUrl\":\"https:\\\/\\\/sts-psa.ch\\\/app\\\/uploads\\\/2026\\\/08\\\/shutterstock_2775434419-scaled.jpg\",\"width\":2560,\"height\":1368},{\"@type\":\"BreadcrumbList\",\"@id\":\"https:\\\/\\\/sts-psa.ch\\\/fr\\\/quand-meme-la-foret-noffre-plus-de-protection\\\/#breadcrumb\",\"itemListElement\":[{\"@type\":\"ListItem\",\"position\":1,\"name\":\"Page d\u2019accueil\",\"item\":\"https:\\\/\\\/mail.protezione-animali-psa.ch\\\/fr\\\/\"},{\"@type\":\"ListItem\",\"position\":2,\"name\":\"Quand m\u00eame la for\u00eat n\u2019offre plus de protection\"}]},{\"@type\":\"WebSite\",\"@id\":\"https:\\\/\\\/mail.protezione-animali-psa.ch\\\/#website\",\"url\":\"https:\\\/\\\/mail.protezione-animali-psa.ch\\\/\",\"name\":\"tierschutz.com\",\"description\":\"Wir setzen uns f\u00fcr das Wohl der Tiere ein.\",\"publisher\":{\"@id\":\"https:\\\/\\\/mail.protezione-animali-psa.ch\\\/#organization\"},\"alternateName\":\"Schweizer Tierschutz STS\",\"potentialAction\":[{\"@type\":\"SearchAction\",\"target\":{\"@type\":\"EntryPoint\",\"urlTemplate\":\"https:\\\/\\\/mail.protezione-animali-psa.ch\\\/?s={search_term_string}\"},\"query-input\":{\"@type\":\"PropertyValueSpecification\",\"valueRequired\":true,\"valueName\":\"search_term_string\"}}],\"inLanguage\":\"fr-FR\"},{\"@type\":\"Organization\",\"@id\":\"https:\\\/\\\/mail.protezione-animali-psa.ch\\\/#organization\",\"name\":\"Schweizer Tierschutz STS\",\"alternateName\":\"STS\",\"url\":\"https:\\\/\\\/mail.protezione-animali-psa.ch\\\/\",\"logo\":{\"@type\":\"ImageObject\",\"inLanguage\":\"fr-FR\",\"@id\":\"https:\\\/\\\/mail.protezione-animali-psa.ch\\\/#\\\/schema\\\/logo\\\/image\\\/\",\"url\":\"https:\\\/\\\/sts-psa.ch\\\/app\\\/uploads\\\/2024\\\/04\\\/logo-schweizer-tierschutz-sts-1.svg\",\"contentUrl\":\"https:\\\/\\\/sts-psa.ch\\\/app\\\/uploads\\\/2024\\\/04\\\/logo-schweizer-tierschutz-sts-1.svg\",\"caption\":\"Schweizer Tierschutz STS\"},\"image\":{\"@id\":\"https:\\\/\\\/mail.protezione-animali-psa.ch\\\/#\\\/schema\\\/logo\\\/image\\\/\"},\"sameAs\":[\"https:\\\/\\\/www.facebook.com\\\/schweizertierschutz\\\/\",\"https:\\\/\\\/www.instagram.com\\\/schweizertierschutzsts\\\/\",\"https:\\\/\\\/www.youtube.com\\\/@STS_Tierschutz\",\"https:\\\/\\\/www.linkedin.com\\\/company\\\/schweizertierschutzsts\\\/\"],\"description\":\"Der Schweizer Tierschutz STS ist der Dachverband von 71 Tierschutzorganisationen in allen Sprachregionen der Schweiz und in Liechtenstein. Seine Mitarbeitenden leisten wissenschaftlich fundierte Grundlagenarbeit, setzen sich mit Projekten und Aktionen f\u00fcr den Schutz und das Wohlbefinden von Heim-, Wild-, Nutz- und Versuchstieren ein und sensibilisieren die \u00d6ffentlichkeit f\u00fcr Tierschutzthemen.\",\"email\":\"sts@tierschutz.com\",\"telephone\":\"061 365 99 99\",\"legalName\":\"Schweizer Tierschutz STS\"},{\"@type\":\"Person\",\"@id\":\"https:\\\/\\\/mail.protezione-animali-psa.ch\\\/#\\\/schema\\\/person\\\/2f0866fbb7709f9845f927e991dc6eac\",\"name\":\"Guido Frefel\",\"image\":{\"@type\":\"ImageObject\",\"inLanguage\":\"fr-FR\",\"@id\":\"https:\\\/\\\/secure.gravatar.com\\\/avatar\\\/c2b1ea7548b3b8bf66acfb1b652d375c97f2f55418edb488301c1306f8fd825a?s=96&d=mm&r=g\",\"url\":\"https:\\\/\\\/secure.gravatar.com\\\/avatar\\\/c2b1ea7548b3b8bf66acfb1b652d375c97f2f55418edb488301c1306f8fd825a?s=96&d=mm&r=g\",\"contentUrl\":\"https:\\\/\\\/secure.gravatar.com\\\/avatar\\\/c2b1ea7548b3b8bf66acfb1b652d375c97f2f55418edb488301c1306f8fd825a?s=96&d=mm&r=g\",\"caption\":\"Guido Frefel\"},\"url\":\"https:\\\/\\\/sts-psa.ch\\\/fr\\\/author\\\/guido-frefel\\\/\"}]}<\/script>\n<!-- \/ Yoast SEO Premium plugin. -->","yoast_head_json":{"title":"Quand m\u00eame la for\u00eat n\u2019offre plus de protection - Protection Suisse des Animaux PSA","description":"La chaleur et la s\u00e9cheresse ne mettent pas seulement les animaux sauvages sous pression certains jours d\u2019\u00e9t\u00e9.","robots":{"index":"index","follow":"follow","max-snippet":"max-snippet:-1","max-image-preview":"max-image-preview:large","max-video-preview":"max-video-preview:-1"},"canonical":"https:\/\/sts-psa.ch\/fr\/quand-meme-la-foret-noffre-plus-de-protection\/","og_locale":"fr_FR","og_type":"article","og_title":"Quand m\u00eame la for\u00eat n\u2019offre plus de protection","og_description":"La chaleur et la s\u00e9cheresse ne mettent pas seulement les animaux sauvages sous pression certains jours d\u2019\u00e9t\u00e9. Lorsque les points d\u2019eau s\u2019ass\u00e8chent, que les for\u00eats souffrent et que la nourriture se rar\u00e9fie, des milieux de vie entiers se transforment.","og_url":"https:\/\/sts-psa.ch\/fr\/quand-meme-la-foret-noffre-plus-de-protection\/","og_site_name":"Protection Suisse des Animaux PSA","article_publisher":"https:\/\/www.facebook.com\/schweizertierschutz\/","article_published_time":"2026-08-25T06:00:00+00:00","article_modified_time":"2026-08-30T10:54:45+00:00","og_image":[{"width":2560,"height":1368,"url":"https:\/\/mail.schweizer-tierschutz.ch\/app\/uploads\/2026\/08\/shutterstock_2775434419-scaled.jpg","type":"image\/jpeg"}],"author":"Guido Frefel","twitter_card":"summary_large_image","twitter_misc":{"\u00c9crit par":"Guido Frefel","Dur\u00e9e de lecture estim\u00e9e":"7 minutes"},"schema":{"@context":"https:\/\/schema.org","@graph":[{"@type":"NewsArticle","@id":"https:\/\/sts-psa.ch\/fr\/quand-meme-la-foret-noffre-plus-de-protection\/#article","isPartOf":{"@id":"https:\/\/sts-psa.ch\/fr\/quand-meme-la-foret-noffre-plus-de-protection\/"},"author":{"name":"Guido Frefel","@id":"https:\/\/mail.protezione-animali-psa.ch\/#\/schema\/person\/2f0866fbb7709f9845f927e991dc6eac"},"headline":"Quand m\u00eame la for\u00eat n\u2019offre plus de protection","datePublished":"2026-08-25T06:00:00+00:00","dateModified":"2026-08-30T10:54:45+00:00","mainEntityOfPage":{"@id":"https:\/\/sts-psa.ch\/fr\/quand-meme-la-foret-noffre-plus-de-protection\/"},"wordCount":1425,"publisher":{"@id":"https:\/\/mail.protezione-animali-psa.ch\/#organization"},"image":{"@id":"https:\/\/sts-psa.ch\/fr\/quand-meme-la-foret-noffre-plus-de-protection\/#primaryimage"},"thumbnailUrl":"https:\/\/sts-psa.ch\/app\/uploads\/2026\/08\/shutterstock_2775434419-scaled.jpg","articleSection":["Animaux sauvages","News PSA"],"inLanguage":"fr-FR"},{"@type":"WebPage","@id":"https:\/\/sts-psa.ch\/fr\/quand-meme-la-foret-noffre-plus-de-protection\/","url":"https:\/\/sts-psa.ch\/fr\/quand-meme-la-foret-noffre-plus-de-protection\/","name":"Quand m\u00eame la for\u00eat n\u2019offre plus de protection - Protection Suisse des Animaux PSA","isPartOf":{"@id":"https:\/\/mail.protezione-animali-psa.ch\/#website"},"primaryImageOfPage":{"@id":"https:\/\/sts-psa.ch\/fr\/quand-meme-la-foret-noffre-plus-de-protection\/#primaryimage"},"image":{"@id":"https:\/\/sts-psa.ch\/fr\/quand-meme-la-foret-noffre-plus-de-protection\/#primaryimage"},"thumbnailUrl":"https:\/\/sts-psa.ch\/app\/uploads\/2026\/08\/shutterstock_2775434419-scaled.jpg","datePublished":"2026-08-25T06:00:00+00:00","dateModified":"2026-08-30T10:54:45+00:00","description":"La chaleur et la s\u00e9cheresse ne mettent pas seulement les animaux sauvages sous pression certains jours d\u2019\u00e9t\u00e9.","breadcrumb":{"@id":"https:\/\/sts-psa.ch\/fr\/quand-meme-la-foret-noffre-plus-de-protection\/#breadcrumb"},"inLanguage":"fr-FR","potentialAction":[{"@type":"ReadAction","target":["https:\/\/sts-psa.ch\/fr\/quand-meme-la-foret-noffre-plus-de-protection\/"]}]},{"@type":"ImageObject","inLanguage":"fr-FR","@id":"https:\/\/sts-psa.ch\/fr\/quand-meme-la-foret-noffre-plus-de-protection\/#primaryimage","url":"https:\/\/sts-psa.ch\/app\/uploads\/2026\/08\/shutterstock_2775434419-scaled.jpg","contentUrl":"https:\/\/sts-psa.ch\/app\/uploads\/2026\/08\/shutterstock_2775434419-scaled.jpg","width":2560,"height":1368},{"@type":"BreadcrumbList","@id":"https:\/\/sts-psa.ch\/fr\/quand-meme-la-foret-noffre-plus-de-protection\/#breadcrumb","itemListElement":[{"@type":"ListItem","position":1,"name":"Page d\u2019accueil","item":"https:\/\/mail.protezione-animali-psa.ch\/fr\/"},{"@type":"ListItem","position":2,"name":"Quand m\u00eame la for\u00eat n\u2019offre plus de protection"}]},{"@type":"WebSite","@id":"https:\/\/mail.protezione-animali-psa.ch\/#website","url":"https:\/\/mail.protezione-animali-psa.ch\/","name":"tierschutz.com","description":"Wir setzen uns f\u00fcr das Wohl der Tiere ein.","publisher":{"@id":"https:\/\/mail.protezione-animali-psa.ch\/#organization"},"alternateName":"Schweizer Tierschutz STS","potentialAction":[{"@type":"SearchAction","target":{"@type":"EntryPoint","urlTemplate":"https:\/\/mail.protezione-animali-psa.ch\/?s={search_term_string}"},"query-input":{"@type":"PropertyValueSpecification","valueRequired":true,"valueName":"search_term_string"}}],"inLanguage":"fr-FR"},{"@type":"Organization","@id":"https:\/\/mail.protezione-animali-psa.ch\/#organization","name":"Schweizer Tierschutz STS","alternateName":"STS","url":"https:\/\/mail.protezione-animali-psa.ch\/","logo":{"@type":"ImageObject","inLanguage":"fr-FR","@id":"https:\/\/mail.protezione-animali-psa.ch\/#\/schema\/logo\/image\/","url":"https:\/\/sts-psa.ch\/app\/uploads\/2024\/04\/logo-schweizer-tierschutz-sts-1.svg","contentUrl":"https:\/\/sts-psa.ch\/app\/uploads\/2024\/04\/logo-schweizer-tierschutz-sts-1.svg","caption":"Schweizer Tierschutz STS"},"image":{"@id":"https:\/\/mail.protezione-animali-psa.ch\/#\/schema\/logo\/image\/"},"sameAs":["https:\/\/www.facebook.com\/schweizertierschutz\/","https:\/\/www.instagram.com\/schweizertierschutzsts\/","https:\/\/www.youtube.com\/@STS_Tierschutz","https:\/\/www.linkedin.com\/company\/schweizertierschutzsts\/"],"description":"Der Schweizer Tierschutz STS ist der Dachverband von 71 Tierschutzorganisationen in allen Sprachregionen der Schweiz und in Liechtenstein. Seine Mitarbeitenden leisten wissenschaftlich fundierte Grundlagenarbeit, setzen sich mit Projekten und Aktionen f\u00fcr den Schutz und das Wohlbefinden von Heim-, Wild-, Nutz- und Versuchstieren ein und sensibilisieren die \u00d6ffentlichkeit f\u00fcr Tierschutzthemen.","email":"sts@tierschutz.com","telephone":"061 365 99 99","legalName":"Schweizer Tierschutz STS"},{"@type":"Person","@id":"https:\/\/mail.protezione-animali-psa.ch\/#\/schema\/person\/2f0866fbb7709f9845f927e991dc6eac","name":"Guido Frefel","image":{"@type":"ImageObject","inLanguage":"fr-FR","@id":"https:\/\/secure.gravatar.com\/avatar\/c2b1ea7548b3b8bf66acfb1b652d375c97f2f55418edb488301c1306f8fd825a?s=96&d=mm&r=g","url":"https:\/\/secure.gravatar.com\/avatar\/c2b1ea7548b3b8bf66acfb1b652d375c97f2f55418edb488301c1306f8fd825a?s=96&d=mm&r=g","contentUrl":"https:\/\/secure.gravatar.com\/avatar\/c2b1ea7548b3b8bf66acfb1b652d375c97f2f55418edb488301c1306f8fd825a?s=96&d=mm&r=g","caption":"Guido Frefel"},"url":"https:\/\/sts-psa.ch\/fr\/author\/guido-frefel\/"}]}},"_links":{"self":[{"href":"https:\/\/sts-psa.ch\/fr\/wp-json\/wp\/v2\/posts\/38113","targetHints":{"allow":["GET"]}}],"collection":[{"href":"https:\/\/sts-psa.ch\/fr\/wp-json\/wp\/v2\/posts"}],"about":[{"href":"https:\/\/sts-psa.ch\/fr\/wp-json\/wp\/v2\/types\/post"}],"author":[{"embeddable":true,"href":"https:\/\/sts-psa.ch\/fr\/wp-json\/wp\/v2\/users\/5"}],"replies":[{"embeddable":true,"href":"https:\/\/sts-psa.ch\/fr\/wp-json\/wp\/v2\/comments?post=38113"}],"version-history":[{"count":1,"href":"https:\/\/sts-psa.ch\/fr\/wp-json\/wp\/v2\/posts\/38113\/revisions"}],"predecessor-version":[{"id":38115,"href":"https:\/\/sts-psa.ch\/fr\/wp-json\/wp\/v2\/posts\/38113\/revisions\/38115"}],"wp:featuredmedia":[{"embeddable":true,"href":"https:\/\/sts-psa.ch\/fr\/wp-json\/wp\/v2\/media\/38111"}],"wp:attachment":[{"href":"https:\/\/sts-psa.ch\/fr\/wp-json\/wp\/v2\/media?parent=38113"}],"wp:term":[{"taxonomy":"category","embeddable":true,"href":"https:\/\/sts-psa.ch\/fr\/wp-json\/wp\/v2\/categories?post=38113"},{"taxonomy":"post_tag","embeddable":true,"href":"https:\/\/sts-psa.ch\/fr\/wp-json\/wp\/v2\/tags?post=38113"}],"curies":[{"name":"wp","href":"https:\/\/api.w.org\/{rel}","templated":true}]}}